{"id":184,"date":"2017-12-18T11:35:27","date_gmt":"2017-12-18T11:35:27","guid":{"rendered":"http:\/\/myklebost.w.uib.no\/?p=184"},"modified":"2018-03-22T09:31:52","modified_gmt":"2018-03-22T09:31:52","slug":"publications-2012","status":"publish","type":"post","link":"https:\/\/myklebost.w.uib.no\/en\/2017\/12\/18\/publications-2012\/","title":{"rendered":"Publications 2012"},"content":{"rendered":"<p>Bj\u00f8rnstad LG,\u00a0Meza TJ,\u00a0Otterlei M,\u00a0<strong>Olafsrud SM,\u00a0<b>Meza-Zepeda LA<\/b><\/strong>,\u00a0Falnes P\u00d8\u00a0(<strong>2012<\/strong>)\u00a0<b><a href=\"http:\/\/dx.doi.org\/10.1371\/journal.pone.0049045\">Human ALKBH4 interacts with proteins associated with transcription<\/a>\u00a0<\/b><strong>PLoS One<\/strong>,\u00a07\u00a0(11),\u00a0e49045\u00a0PubMed\u00a0<a href=\"http:\/\/pubmed.gov\/23145062\">23145062<\/a><\/p>\n<p>Chymkowitch P, Eldholm V, <strong>Lorenz S<\/strong>, Zimmermann C, Lindvall J, Bj\u00f8r\u00e5s M, <strong>Meza-Zepeda LA<\/strong>, Enserink JM (<strong>2012<\/strong>)\u00a0Cdc28 kinase activity regulates the basal transcription machinery at a subset of genes.\u00a0<strong>Proceedings of the National Academy of Sciences<\/strong> (PNAS), in press<\/p>\n<p><strong>Kresse SH, Rydbeck H, Sk\u00e5rn M, Naml\u00f8s HM, Barragan-Polania AH, <\/strong>Cleton-Jansen AM, Serra M, Liest\u00f8l K, Hogendoorn PCW, Hovig, E, <strong>Myklebost; \u00a0O, Meza-Zepeda LA (2012) <\/strong>Integrative Analysis Reveals Relationships of Genetic and Epigenetic Alterations in Osteosarcoma. <strong>PLoS One <a href=\"http:\/\/www.rr-research.no\/myklebost\/PDF\/Kresse2012.pdf\">PDF<\/a><\/strong><\/p>\n<p>KuijjerML, <strong>Rydbeck H<\/strong>, <strong>Kresse SH<\/strong>, Buddingh EP, B\u00fcrger H, <strong>Myklebost O<\/strong>, Hogendoorn PCW, <strong>Meza-Zepeda LA<\/strong>, Cleton-Jansen AM (<strong>2012<\/strong>) Identification of osteosarcoma driver genes by integrative analysis of copy number and gene expression data <strong>Genes Chromosomes Cancer\u00a0<\/strong>51:696-706 <strong><a href=\"http:\/\/www.rr-research.no\/myklebost\/PDF\/Kuijjer_2012.pdf\">PDF<\/a><\/strong><\/p>\n<p><strong>Naml\u00f8s H, Kresse SH, M\u00fcller CR, Henriksen J<\/strong>, S\u00e6ter G, Bruland \u00d8, Holdhus R, Bjerkehagen B, Steen VM ,\u00a0<strong>Myklebost O<\/strong>\u00a0(2010) Global gene expression profiling of human osteosarcomas reveals metastasis-associated chemokine pattern\u00a0<strong>Sarcoma<\/strong>\u00a0<strong>\u00a0<a href=\"http:\/\/www.hindawi.com\/journals\/srcm\/2012\/639038\/\">PDF<\/a><\/strong><\/p>\n<p><strong>Naml\u00f8s HM, Meza-Zepeda LA, Bar\u00f8y T, \u00d8stensen IHG, Kresse SH<\/strong>, Kuijjer ML, Serra M, B\u00fcrger H<strong>, <\/strong>Cleton-Jansen AM, <strong>Myklebost O (2012) <\/strong>Modulation of the Osteosarcoma Expression Phenotype by MicroRNAs. <strong>PLoS One<\/strong> in press<\/p>\n<p><strong>Ohnstad HO, Castro R, Sun J,<\/strong> Heintz KM, Vassilev LT, Bjerkehagen B, <strong>Kresse SH, Meza- Zepeda LA, Myklebost O<\/strong>(<strong>2012<\/strong>)\u00a0Correlation of TP53 and MDM2 genotypes with response to therapy in sarcoma <strong>Cancer<\/strong>\u00a0<strong><a href=\"http:\/\/www.rr-research.no\/myklebost\/bilder\/Cancer%202012%20Ohnstad-1.pdf\">PDF<\/a><\/strong><\/p>\n<p>Reikvam DH,\u00a0Derrien M,\u00a0Islam R,\u00a0Erofeev A,\u00a0Grcic V,\u00a0Sandvik A,\u00a0Gaustad P,<strong>\u00a0<b>Meza-Zepeda LA<\/b>,<\/strong>\u00a0Jahnsen FL,\u00a0Smidt H,\u00a0Johansen FE\u00a0(<strong>2012<\/strong>)\u00a0<b><a href=\"http:\/\/dx.doi.org\/10.1002\/eji.201242543\">Epithelial-microbial crosstalk in polymeric Ig receptor deficient mice<\/a><\/b><br \/>\n<strong>Eur J Immunol<\/strong>,\u00a042\u00a0(11),\u00a02959-70\u00a0PubMed\u00a0<a href=\"http:\/\/pubmed.gov\/22865203\">22865203<\/a><\/p>\n<p>Skotheim RI, <strong>Meza-Zepeda LA<\/strong>, Hovig E, L\u00f8nning PE, Lothe RA, <strong>Myklebost O\u00a0 <\/strong>(<strong>2012<\/strong>) Genomsekvensering for persontilpasset kreftbehandling,\u00a0\u00a0<strong>Tidsskr. Nor. L\u00e6geforening<\/strong><strong>\u00a0<\/strong><strong>132:2406-8<\/strong><strong>\u00a0<\/strong><strong><a href=\"http:\/\/www.rr-research.no\/myklebost\/bilder\/SkotheimTNLF12.pdf\">PDF<\/a><\/strong><\/p>\n<p><strong> See <a href=\"http:\/\/tidsskriftet.no\/Innhold\/Nyheter\/2012\/November\/Gentilpasset-kreftbehandling\">editorial on the above paper<\/a><\/strong><\/p>\n<p><strong>Sk\u00e5rn M, Naml\u00f8s HM, Noordhuis P, <\/strong>Meng-Yu Wang, <strong>Meza-Zepeda LA, Myklebost O<\/strong> (<strong>2012<\/strong>) Adipocyte Differentiation of Immortalized Human Bone Marrow-Derived Stromal Cells is Modulated by microRNA-155, microRNA-221 and microRNA-222 <strong>Stem Cells and Development<\/strong> \u00a021:873-83 <strong><a href=\"http:\/\/www.rr-research.no\/myklebost\/PDF\/Skarn_2012.pdf\">PDF<\/a><\/strong><\/p>\n<p><strong>Stratford EW, Castro R, Daffinrud J, Sk\u00e5rn M, Lauvrak SU, Munthe E, Myklebost O <\/strong>(<strong>2012<\/strong>) Characterization of liposarcoma cell lines for preclinical and biological studies <strong>Sarcoma 2012\u00a0<\/strong>doi:10.1155\/2012\/148614<strong>\u00a0<\/strong><strong><a href=\"http:\/\/downloads.hindawi.com\/journals\/srcm\/2012\/148614.pdf\">PDF<\/a><\/strong><\/p>\n<p>Thomas DM, Wilhelm M, Cleton-Jansen AM, Dirksen U, Entz-Werl\u00e9 N, Gelderblom H, Hassan B, J\u00fcrgens H, Koster J, Kovar H, Lankester AC, Lewis IJ, <strong>Myklebost O<\/strong>, Nathrath MHM, Picci P, Whelan JS, Hogendoorn PCW, Bielack SS\u00a0(<strong>2012<\/strong>) Workshop report on the European Bone Sarcoma Networking Meeting: integration of clinical trials with tumor biology.<strong>\u00a0Journal of Adolescent and Young Adult Oncology<\/strong>\u00a0Vol 1 In press <strong><a href=\"http:\/\/www.rr-research.no\/myklebost\/PDF\/Thomas_JAYAO_2012_LeidenMeetingReport.pdf\">PDF<\/a><\/strong><\/p>\n","protected":false},"excerpt":{"rendered":"<p>Bj\u00f8rnstad LG,\u00a0Meza TJ,\u00a0Otterlei M,\u00a0Olafsrud SM,\u00a0Meza-Zepeda LA,\u00a0Falnes P\u00d8\u00a0(2012)\u00a0Human ALKBH4 interacts with proteins associated with transcription\u00a0PLoS One,\u00a07\u00a0(11),\u00a0e49045\u00a0PubMed\u00a023145062 Chymkowitch P, Eldholm V, Lorenz S, Zimmermann C, Lindvall J, Bj\u00f8r\u00e5s M, Meza-Zepeda LA, Enserink JM (2012)\u00a0Cdc28 kinase activity regulates the basal transcription machinery at a subset of genes.\u00a0Proceedings of the National Academy of Sciences (PNAS), in press Kresse SH, &hellip; <a href=\"https:\/\/myklebost.w.uib.no\/en\/2017\/12\/18\/publications-2012\/\" class=\"more-link\">Continue reading <span class=\"screen-reader-text\">Publications 2012<\/span><\/a><\/p>\n","protected":false},"author":3681,"featured_media":0,"comment_status":"open","ping_status":"open","sticky":false,"template":"","format":"standard","meta":{"_exactmetrics_skip_tracking":false,"_exactmetrics_sitenote_active":false,"_exactmetrics_sitenote_note":"","_exactmetrics_sitenote_category":0,"footnotes":""},"categories":[15904],"tags":[],"class_list":["post-184","post","type-post","status-publish","format-standard","hentry","category-publikasjoner"],"_links":{"self":[{"href":"https:\/\/myklebost.w.uib.no\/en\/wp-json\/wp\/v2\/posts\/184","targetHints":{"allow":["GET"]}}],"collection":[{"href":"https:\/\/myklebost.w.uib.no\/en\/wp-json\/wp\/v2\/posts"}],"about":[{"href":"https:\/\/myklebost.w.uib.no\/en\/wp-json\/wp\/v2\/types\/post"}],"author":[{"embeddable":true,"href":"https:\/\/myklebost.w.uib.no\/en\/wp-json\/wp\/v2\/users\/3681"}],"replies":[{"embeddable":true,"href":"https:\/\/myklebost.w.uib.no\/en\/wp-json\/wp\/v2\/comments?post=184"}],"version-history":[{"count":4,"href":"https:\/\/myklebost.w.uib.no\/en\/wp-json\/wp\/v2\/posts\/184\/revisions"}],"predecessor-version":[{"id":363,"href":"https:\/\/myklebost.w.uib.no\/en\/wp-json\/wp\/v2\/posts\/184\/revisions\/363"}],"wp:attachment":[{"href":"https:\/\/myklebost.w.uib.no\/en\/wp-json\/wp\/v2\/media?parent=184"}],"wp:term":[{"taxonomy":"category","embeddable":true,"href":"https:\/\/myklebost.w.uib.no\/en\/wp-json\/wp\/v2\/categories?post=184"},{"taxonomy":"post_tag","embeddable":true,"href":"https:\/\/myklebost.w.uib.no\/en\/wp-json\/wp\/v2\/tags?post=184"}],"curies":[{"name":"wp","href":"https:\/\/api.w.org\/{rel}","templated":true}]}}